{"id":3753,"date":"2019-04-08T13:28:39","date_gmt":"2019-04-08T11:28:39","guid":{"rendered":"http:\/\/parafia.kleczew.pl\/?p=3753"},"modified":"2019-04-14T13:31:22","modified_gmt":"2019-04-14T11:31:22","slug":"ekstremalna-droga-krzyzowa-2019","status":"publish","type":"post","link":"https:\/\/parafia.kleczew.pl\/index.php\/ekstremalna-droga-krzyzowa-2019\/","title":{"rendered":"Ekstremalna Droga Krzy\u017cowa 2019"},"content":{"rendered":"\n<p>W pi\u0105tek 5 kwietnia odby\u0142a si\u0119 w Kleczewie EDK. Serdecznie dzi\u0119kuj\u0119 wszystkim uczestnikom, kt\u00f3rzy zdecydowali si\u0119 w nocy, w ciszy i milczeniu rozwa\u017ca\u0107 tajemnice m\u0119ki i \u015bmierci Jezusa. Wierz\u0119 g\u0142\u0119boko, \u017ce ten czas nam dany wyda w \u017cyciu ka\u017cdego z nas dobre owoce.<br>x. Rafa\u0142<br>Foto: Ewa Matyba<br><br>\t\t\t\t\t\t<div class=\"gallery_box_single\">\n\t\t\t\t\t\t\t\t\t\t\t\t\t\t\t<div class=\"gallery gllr_grid\" data-gllr-columns=\"100\" data-gllr-border-width=\"10\">\n\t\t\t\t\t\t\t\t\t\t\t\t\t\t\t\t\t\t\t\t<div class=\"gllr_image_row\">\n\t\t\t\t\t\t\t\t\t\t\t\t\t\t\t\t\t\t\t\t\t<div class=\"gllr_image_block\">\n\t\t\t\t\t\t\t\t\t\t\t\t<p style=\"\n\t\t\t\t\t\t\t\t\t\t\t\twidth:140px;height:140px;\t\t\t\t\t\t\t\t\t\t\t\t\">\n\t\t\t\t\t\t\t\t\t\t\t\t\t\t\t\t\t\t\t\t\t\t\t\t\t\t\t\t<a data-fancybox=\"gallery_fancybox\" href=\"https:\/\/parafia.kleczew.pl\/wp-content\/uploads\/2019\/04\/56749066_2067803916588711_1255315238635438080_n.jpg\" title=\"\" >\n\t\t\t\t\t\t\t\t\t\t\t\t\t\t\t\t<img decoding=\"async\" width=&quot;120&quot; height=&quot;120&quot; style=\"width:120px; height:120px; border-width: 10px; border-color:#f2eded;border: 10px solid #f2eded\" alt=\"\" title=\"\" src=\"https:\/\/parafia.kleczew.pl\/wp-content\/uploads\/2019\/04\/56749066_2067803916588711_1255315238635438080_n-120x120.jpg\" rel=\"https:\/\/parafia.kleczew.pl\/wp-content\/uploads\/2019\/04\/56749066_2067803916588711_1255315238635438080_n.jpg\" \/>\t\t\t\t\t\t\t\t\t\t\t\t\t\t\t<\/a>\n\t\t\t\t\t\t\t\t\t\t\t\t\t\t\t\t\t\t\t\t\t\t\t\t\t\t<\/p>\n\t\t\t\t\t\t\t\t\t\t\t\t\t\t\t\t\t\t\t\t\t\t\t<\/div><!-- .gllr_image_block -->\n\t\t\t\t\t\t\t\t\t\t\t\t\t\t\t\t\t\t\t\t\t<div class=\"gllr_image_block\">\n\t\t\t\t\t\t\t\t\t\t\t\t<p style=\"\n\t\t\t\t\t\t\t\t\t\t\t\twidth:140px;height:140px;\t\t\t\t\t\t\t\t\t\t\t\t\">\n\t\t\t\t\t\t\t\t\t\t\t\t\t\t\t\t\t\t\t\t\t\t\t\t\t\t\t\t<a data-fancybox=\"gallery_fancybox\" href=\"https:\/\/parafia.kleczew.pl\/wp-content\/uploads\/2019\/04\/56896974_2067803706588732_3994414813294886912_n.jpg\" title=\"\" >\n\t\t\t\t\t\t\t\t\t\t\t\t\t\t\t\t<img decoding=\"async\" width=&quot;120&quot; height=&quot;120&quot; style=\"width:120px; height:120px; border-width: 10px; border-color:#f2eded;border: 10px solid #f2eded\" alt=\"\" title=\"\" src=\"https:\/\/parafia.kleczew.pl\/wp-content\/uploads\/2019\/04\/56896974_2067803706588732_3994414813294886912_n-120x120.jpg\" rel=\"https:\/\/parafia.kleczew.pl\/wp-content\/uploads\/2019\/04\/56896974_2067803706588732_3994414813294886912_n.jpg\" \/>\t\t\t\t\t\t\t\t\t\t\t\t\t\t\t<\/a>\n\t\t\t\t\t\t\t\t\t\t\t\t\t\t\t\t\t\t\t\t\t\t\t\t\t\t<\/p>\n\t\t\t\t\t\t\t\t\t\t\t\t\t\t\t\t\t\t\t\t\t\t\t<\/div><!-- .gllr_image_block -->\n\t\t\t\t\t\t\t\t\t\t\t\t\t\t\t\t\t\t\t\t\t<div class=\"gllr_image_block\">\n\t\t\t\t\t\t\t\t\t\t\t\t<p style=\"\n\t\t\t\t\t\t\t\t\t\t\t\twidth:140px;height:140px;\t\t\t\t\t\t\t\t\t\t\t\t\">\n\t\t\t\t\t\t\t\t\t\t\t\t\t\t\t\t\t\t\t\t\t\t\t\t\t\t\t\t<a data-fancybox=\"gallery_fancybox\" href=\"https:\/\/parafia.kleczew.pl\/wp-content\/uploads\/2019\/04\/56480299_2067803863255383_1081724364316999680_n.jpg\" title=\"\" >\n\t\t\t\t\t\t\t\t\t\t\t\t\t\t\t\t<img decoding=\"async\" width=&quot;120&quot; height=&quot;120&quot; style=\"width:120px; height:120px; border-width: 10px; border-color:#f2eded;border: 10px solid #f2eded\" alt=\"\" title=\"\" src=\"https:\/\/parafia.kleczew.pl\/wp-content\/uploads\/2019\/04\/56480299_2067803863255383_1081724364316999680_n-120x120.jpg\" rel=\"https:\/\/parafia.kleczew.pl\/wp-content\/uploads\/2019\/04\/56480299_2067803863255383_1081724364316999680_n.jpg\" \/>\t\t\t\t\t\t\t\t\t\t\t\t\t\t\t<\/a>\n\t\t\t\t\t\t\t\t\t\t\t\t\t\t\t\t\t\t\t\t\t\t\t\t\t\t<\/p>\n\t\t\t\t\t\t\t\t\t\t\t\t\t\t\t\t\t\t\t\t\t\t\t<\/div><!-- .gllr_image_block -->\n\t\t\t\t\t\t\t\t\t\t\t\t\t\t\t\t\t\t\t\t\t<div class=\"clear\"><\/div>\n\t\t\t\t\t\t\t\t\t\t<\/div><!-- .gllr_image_row -->\n\t\t\t\t\t\t\t\t\t\t\t\t\t\t\t\t\t<\/div><!-- .gallery.clearfix -->\n\t\t\t\t\t\t\t\t\t\t\t\t\t\t<\/div><!-- .gallery_box_single -->\n\t\t\t\t\t\t<div class=\"gllr_clear\"><\/div>\n\t\t\t\t\t\t<\/p>\n\n\n\n<p><\/p>\n","protected":false},"excerpt":{"rendered":"<div class=\"mh-excerpt\"><p>W pi\u0105tek 5 kwietnia odby\u0142a si\u0119 w Kleczewie EDK. Serdecznie dzi\u0119kuj\u0119 wszystkim uczestnikom, kt\u00f3rzy zdecydowali si\u0119 w nocy, w ciszy i milczeniu rozwa\u017ca\u0107 tajemnice m\u0119ki <a class=\"mh-excerpt-more\" href=\"https:\/\/parafia.kleczew.pl\/index.php\/gallery\/ekstremalna-droga-krzyzowa-2019\/\" title=\"Ekstremalna Droga Krzy\u017cowa 2019\">[&#8230;]<\/a><\/p>\n<\/div>","protected":false},"author":1,"featured_media":3757,"comment_status":"closed","ping_status":"closed","sticky":false,"template":"","format":"standard","meta":{"footnotes":""},"categories":[4],"tags":[],"class_list":["post-3753","post","type-post","status-publish","format-standard","has-post-thumbnail","hentry","category-akt"],"_links":{"self":[{"href":"https:\/\/parafia.kleczew.pl\/index.php\/wp-json\/wp\/v2\/posts\/3753","targetHints":{"allow":["GET"]}}],"collection":[{"href":"https:\/\/parafia.kleczew.pl\/index.php\/wp-json\/wp\/v2\/posts"}],"about":[{"href":"https:\/\/parafia.kleczew.pl\/index.php\/wp-json\/wp\/v2\/types\/post"}],"author":[{"embeddable":true,"href":"https:\/\/parafia.kleczew.pl\/index.php\/wp-json\/wp\/v2\/users\/1"}],"replies":[{"embeddable":true,"href":"https:\/\/parafia.kleczew.pl\/index.php\/wp-json\/wp\/v2\/comments?post=3753"}],"version-history":[{"count":1,"href":"https:\/\/parafia.kleczew.pl\/index.php\/wp-json\/wp\/v2\/posts\/3753\/revisions"}],"predecessor-version":[{"id":3759,"href":"https:\/\/parafia.kleczew.pl\/index.php\/wp-json\/wp\/v2\/posts\/3753\/revisions\/3759"}],"wp:featuredmedia":[{"embeddable":true,"href":"https:\/\/parafia.kleczew.pl\/index.php\/wp-json\/wp\/v2\/media\/3757"}],"wp:attachment":[{"href":"https:\/\/parafia.kleczew.pl\/index.php\/wp-json\/wp\/v2\/media?parent=3753"}],"wp:term":[{"taxonomy":"category","embeddable":true,"href":"https:\/\/parafia.kleczew.pl\/index.php\/wp-json\/wp\/v2\/categories?post=3753"},{"taxonomy":"post_tag","embeddable":true,"href":"https:\/\/parafia.kleczew.pl\/index.php\/wp-json\/wp\/v2\/tags?post=3753"}],"curies":[{"name":"wp","href":"https:\/\/api.w.org\/{rel}","templated":true}]}}