{"id":4306,"date":"2020-08-08T21:48:00","date_gmt":"2020-08-08T19:48:00","guid":{"rendered":"https:\/\/parafia.kleczew.pl\/?p=4306"},"modified":"2021-04-03T13:26:31","modified_gmt":"2021-04-03T11:26:31","slug":"setna-rocznica-bitwy-warszawskiej","status":"publish","type":"post","link":"https:\/\/parafia.kleczew.pl\/index.php\/setna-rocznica-bitwy-warszawskiej\/","title":{"rendered":"Setna rocznica Bitwy Warszawskiej"},"content":{"rendered":"\r\n<p>Dzisiaj o godzinie 18:00 odby\u0142a si\u0119 Liturgia Mszy \u015awi\u0119tej pod przewodnictwem ks. Juliana Wawrzyniaka i z homili\u0105 ks. \u0141ukasza Kruckiego dotycz\u0105c\u0105 setnej rocznicy Bitwy Warszawskiej. Po mszy \u015bwi\u0119tej koncert pie\u015bni patriotycznych.Wszystko w ramach projektu realizowanego przez kleczewsk\u0105 Bibliotek\u0119 Publiczn\u0105. Podczas Eucharystii modlili\u015bmy si\u0119 te\u017c o B\u0142ogos\u0142awie\u0144stwo i potrzebne dary dla Bartosza Szczepankiewicza w dniu jego osiemnastych urodzin. Bartosz od wielu lat jest cz\u0142onkiem Liturgicznej S\u0142u\u017cby O\u0142tarza naszej parafii.Zapraszamy do obejrzenia galerii zdj\u0119\u0107.<\/p>\r\n\r\n\r\n\t\t\t\t\t\t<div class=\"gallery_box_single\">\n\t\t\t\t\t\t\t\t\t\t\t\t\t\t\t<div class=\"gallery gllr_grid\" data-gllr-columns=\"100\" data-gllr-border-width=\"10\">\n\t\t\t\t\t\t\t\t\t\t\t\t\t\t\t\t\t\t\t\t<div class=\"gllr_image_row\">\n\t\t\t\t\t\t\t\t\t\t\t\t\t\t\t\t\t\t\t\t\t<div class=\"gllr_image_block\">\n\t\t\t\t\t\t\t\t\t\t\t\t<p style=\"\n\t\t\t\t\t\t\t\t\t\t\t\twidth:140px;height:140px;\t\t\t\t\t\t\t\t\t\t\t\t\">\n\t\t\t\t\t\t\t\t\t\t\t\t\t\t\t\t\t\t\t\t\t\t\t\t\t\t\t\t<a data-fancybox=\"gallery_fancybox\" href=\"https:\/\/parafia.kleczew.pl\/wp-content\/uploads\/2021\/04\/117646136_3073141162721643_4548328493838296751_n-685x1024.jpg\" title=\"\" >\n\t\t\t\t\t\t\t\t\t\t\t\t\t\t\t\t<img decoding=\"async\" width=&quot;120&quot; height=&quot;120&quot; style=\"width:120px; height:120px; border-width: 10px; border-color:#f2eded;border: 10px solid #f2eded\" alt=\"\" title=\"\" src=\"https:\/\/parafia.kleczew.pl\/wp-content\/uploads\/2021\/04\/117646136_3073141162721643_4548328493838296751_n-120x120.jpg\" rel=\"https:\/\/parafia.kleczew.pl\/wp-content\/uploads\/2021\/04\/117646136_3073141162721643_4548328493838296751_n.jpg\" \/>\t\t\t\t\t\t\t\t\t\t\t\t\t\t\t<\/a>\n\t\t\t\t\t\t\t\t\t\t\t\t\t\t\t\t\t\t\t\t\t\t\t\t\t\t<\/p>\n\t\t\t\t\t\t\t\t\t\t\t\t\t\t\t\t\t\t\t\t\t\t\t<\/div><!-- .gllr_image_block -->\n\t\t\t\t\t\t\t\t\t\t\t\t\t\t\t\t\t\t\t\t\t<div class=\"gllr_image_block\">\n\t\t\t\t\t\t\t\t\t\t\t\t<p style=\"\n\t\t\t\t\t\t\t\t\t\t\t\twidth:140px;height:140px;\t\t\t\t\t\t\t\t\t\t\t\t\">\n\t\t\t\t\t\t\t\t\t\t\t\t\t\t\t\t\t\t\t\t\t\t\t\t\t\t\t\t<a data-fancybox=\"gallery_fancybox\" href=\"https:\/\/parafia.kleczew.pl\/wp-content\/uploads\/2021\/04\/117355928_3073139109388515_6374530873400499014_n-1024x683.jpg\" title=\"\" >\n\t\t\t\t\t\t\t\t\t\t\t\t\t\t\t\t<img decoding=\"async\" width=&quot;120&quot; height=&quot;120&quot; style=\"width:120px; height:120px; border-width: 10px; border-color:#f2eded;border: 10px solid #f2eded\" alt=\"\" title=\"\" src=\"https:\/\/parafia.kleczew.pl\/wp-content\/uploads\/2021\/04\/117355928_3073139109388515_6374530873400499014_n-120x120.jpg\" rel=\"https:\/\/parafia.kleczew.pl\/wp-content\/uploads\/2021\/04\/117355928_3073139109388515_6374530873400499014_n.jpg\" \/>\t\t\t\t\t\t\t\t\t\t\t\t\t\t\t<\/a>\n\t\t\t\t\t\t\t\t\t\t\t\t\t\t\t\t\t\t\t\t\t\t\t\t\t\t<\/p>\n\t\t\t\t\t\t\t\t\t\t\t\t\t\t\t\t\t\t\t\t\t\t\t<\/div><!-- .gllr_image_block -->\n\t\t\t\t\t\t\t\t\t\t\t\t\t\t\t\t\t\t\t\t\t<div class=\"gllr_image_block\">\n\t\t\t\t\t\t\t\t\t\t\t\t<p style=\"\n\t\t\t\t\t\t\t\t\t\t\t\twidth:140px;height:140px;\t\t\t\t\t\t\t\t\t\t\t\t\">\n\t\t\t\t\t\t\t\t\t\t\t\t\t\t\t\t\t\t\t\t\t\t\t\t\t\t\t\t<a data-fancybox=\"gallery_fancybox\" href=\"https:\/\/parafia.kleczew.pl\/wp-content\/uploads\/2021\/04\/117388395_3073140866055006_961395005427476399_n-1024x683.jpg\" title=\"\" >\n\t\t\t\t\t\t\t\t\t\t\t\t\t\t\t\t<img decoding=\"async\" width=&quot;120&quot; height=&quot;120&quot; style=\"width:120px; height:120px; border-width: 10px; border-color:#f2eded;border: 10px solid #f2eded\" alt=\"\" title=\"\" src=\"https:\/\/parafia.kleczew.pl\/wp-content\/uploads\/2021\/04\/117388395_3073140866055006_961395005427476399_n-120x120.jpg\" rel=\"https:\/\/parafia.kleczew.pl\/wp-content\/uploads\/2021\/04\/117388395_3073140866055006_961395005427476399_n.jpg\" \/>\t\t\t\t\t\t\t\t\t\t\t\t\t\t\t<\/a>\n\t\t\t\t\t\t\t\t\t\t\t\t\t\t\t\t\t\t\t\t\t\t\t\t\t\t<\/p>\n\t\t\t\t\t\t\t\t\t\t\t\t\t\t\t\t\t\t\t\t\t\t\t<\/div><!-- .gllr_image_block -->\n\t\t\t\t\t\t\t\t\t\t\t\t\t\t\t\t\t\t\t\t\t<div class=\"gllr_image_block\">\n\t\t\t\t\t\t\t\t\t\t\t\t<p style=\"\n\t\t\t\t\t\t\t\t\t\t\t\twidth:140px;height:140px;\t\t\t\t\t\t\t\t\t\t\t\t\">\n\t\t\t\t\t\t\t\t\t\t\t\t\t\t\t\t\t\t\t\t\t\t\t\t\t\t\t\t<a data-fancybox=\"gallery_fancybox\" href=\"https:\/\/parafia.kleczew.pl\/wp-content\/uploads\/2021\/04\/117520556_3073136146055478_4574281403483693991_n-685x1024.jpg\" title=\"\" >\n\t\t\t\t\t\t\t\t\t\t\t\t\t\t\t\t<img decoding=\"async\" width=&quot;120&quot; height=&quot;120&quot; style=\"width:120px; height:120px; border-width: 10px; border-color:#f2eded;border: 10px solid #f2eded\" alt=\"\" title=\"\" src=\"https:\/\/parafia.kleczew.pl\/wp-content\/uploads\/2021\/04\/117520556_3073136146055478_4574281403483693991_n-120x120.jpg\" rel=\"https:\/\/parafia.kleczew.pl\/wp-content\/uploads\/2021\/04\/117520556_3073136146055478_4574281403483693991_n.jpg\" \/>\t\t\t\t\t\t\t\t\t\t\t\t\t\t\t<\/a>\n\t\t\t\t\t\t\t\t\t\t\t\t\t\t\t\t\t\t\t\t\t\t\t\t\t\t<\/p>\n\t\t\t\t\t\t\t\t\t\t\t\t\t\t\t\t\t\t\t\t\t\t\t<\/div><!-- .gllr_image_block -->\n\t\t\t\t\t\t\t\t\t\t\t\t\t\t\t\t\t\t\t\t\t<div class=\"gllr_image_block\">\n\t\t\t\t\t\t\t\t\t\t\t\t<p style=\"\n\t\t\t\t\t\t\t\t\t\t\t\twidth:140px;height:140px;\t\t\t\t\t\t\t\t\t\t\t\t\">\n\t\t\t\t\t\t\t\t\t\t\t\t\t\t\t\t\t\t\t\t\t\t\t\t\t\t\t\t<a data-fancybox=\"gallery_fancybox\" href=\"https:\/\/parafia.kleczew.pl\/wp-content\/uploads\/2021\/04\/117318817_3073135806055512_8658865910266028848_n-1024x683.jpg\" title=\"\" >\n\t\t\t\t\t\t\t\t\t\t\t\t\t\t\t\t<img decoding=\"async\" width=&quot;120&quot; height=&quot;120&quot; style=\"width:120px; height:120px; border-width: 10px; border-color:#f2eded;border: 10px solid #f2eded\" alt=\"\" title=\"\" src=\"https:\/\/parafia.kleczew.pl\/wp-content\/uploads\/2021\/04\/117318817_3073135806055512_8658865910266028848_n-120x120.jpg\" rel=\"https:\/\/parafia.kleczew.pl\/wp-content\/uploads\/2021\/04\/117318817_3073135806055512_8658865910266028848_n.jpg\" \/>\t\t\t\t\t\t\t\t\t\t\t\t\t\t\t<\/a>\n\t\t\t\t\t\t\t\t\t\t\t\t\t\t\t\t\t\t\t\t\t\t\t\t\t\t<\/p>\n\t\t\t\t\t\t\t\t\t\t\t\t\t\t\t\t\t\t\t\t\t\t\t<\/div><!-- .gllr_image_block -->\n\t\t\t\t\t\t\t\t\t\t\t\t\t\t\t\t\t\t\t\t\t<div class=\"gllr_image_block\">\n\t\t\t\t\t\t\t\t\t\t\t\t<p style=\"\n\t\t\t\t\t\t\t\t\t\t\t\twidth:140px;height:140px;\t\t\t\t\t\t\t\t\t\t\t\t\">\n\t\t\t\t\t\t\t\t\t\t\t\t\t\t\t\t\t\t\t\t\t\t\t\t\t\t\t\t<a data-fancybox=\"gallery_fancybox\" href=\"https:\/\/parafia.kleczew.pl\/wp-content\/uploads\/2021\/04\/117359530_3073137066055386_1141392211693368280_n-1024x683.jpg\" title=\"\" >\n\t\t\t\t\t\t\t\t\t\t\t\t\t\t\t\t<img decoding=\"async\" width=&quot;120&quot; height=&quot;120&quot; style=\"width:120px; height:120px; border-width: 10px; border-color:#f2eded;border: 10px solid #f2eded\" alt=\"\" title=\"\" src=\"https:\/\/parafia.kleczew.pl\/wp-content\/uploads\/2021\/04\/117359530_3073137066055386_1141392211693368280_n-120x120.jpg\" rel=\"https:\/\/parafia.kleczew.pl\/wp-content\/uploads\/2021\/04\/117359530_3073137066055386_1141392211693368280_n.jpg\" \/>\t\t\t\t\t\t\t\t\t\t\t\t\t\t\t<\/a>\n\t\t\t\t\t\t\t\t\t\t\t\t\t\t\t\t\t\t\t\t\t\t\t\t\t\t<\/p>\n\t\t\t\t\t\t\t\t\t\t\t\t\t\t\t\t\t\t\t\t\t\t\t<\/div><!-- .gllr_image_block -->\n\t\t\t\t\t\t\t\t\t\t\t\t\t\t\t\t\t\t\t\t\t<div class=\"gllr_image_block\">\n\t\t\t\t\t\t\t\t\t\t\t\t<p style=\"\n\t\t\t\t\t\t\t\t\t\t\t\twidth:140px;height:140px;\t\t\t\t\t\t\t\t\t\t\t\t\">\n\t\t\t\t\t\t\t\t\t\t\t\t\t\t\t\t\t\t\t\t\t\t\t\t\t\t\t\t<a data-fancybox=\"gallery_fancybox\" href=\"https:\/\/parafia.kleczew.pl\/wp-content\/uploads\/2021\/04\/117594481_3073136536055439_7304371065555742122_n-685x1024.jpg\" title=\"\" >\n\t\t\t\t\t\t\t\t\t\t\t\t\t\t\t\t<img decoding=\"async\" width=&quot;120&quot; height=&quot;120&quot; style=\"width:120px; height:120px; border-width: 10px; border-color:#f2eded;border: 10px solid #f2eded\" alt=\"\" title=\"\" src=\"https:\/\/parafia.kleczew.pl\/wp-content\/uploads\/2021\/04\/117594481_3073136536055439_7304371065555742122_n-120x120.jpg\" rel=\"https:\/\/parafia.kleczew.pl\/wp-content\/uploads\/2021\/04\/117594481_3073136536055439_7304371065555742122_n.jpg\" \/>\t\t\t\t\t\t\t\t\t\t\t\t\t\t\t<\/a>\n\t\t\t\t\t\t\t\t\t\t\t\t\t\t\t\t\t\t\t\t\t\t\t\t\t\t<\/p>\n\t\t\t\t\t\t\t\t\t\t\t\t\t\t\t\t\t\t\t\t\t\t\t<\/div><!-- .gllr_image_block -->\n\t\t\t\t\t\t\t\t\t\t\t\t\t\t\t\t\t\t\t\t\t<div class=\"gllr_image_block\">\n\t\t\t\t\t\t\t\t\t\t\t\t<p style=\"\n\t\t\t\t\t\t\t\t\t\t\t\twidth:140px;height:140px;\t\t\t\t\t\t\t\t\t\t\t\t\">\n\t\t\t\t\t\t\t\t\t\t\t\t\t\t\t\t\t\t\t\t\t\t\t\t\t\t\t\t<a data-fancybox=\"gallery_fancybox\" href=\"https:\/\/parafia.kleczew.pl\/wp-content\/uploads\/2021\/04\/117444265_3073135326055560_9223235201084438400_n-685x1024.jpg\" title=\"\" >\n\t\t\t\t\t\t\t\t\t\t\t\t\t\t\t\t<img decoding=\"async\" width=&quot;120&quot; height=&quot;120&quot; style=\"width:120px; height:120px; border-width: 10px; border-color:#f2eded;border: 10px solid #f2eded\" alt=\"\" title=\"\" src=\"https:\/\/parafia.kleczew.pl\/wp-content\/uploads\/2021\/04\/117444265_3073135326055560_9223235201084438400_n-120x120.jpg\" rel=\"https:\/\/parafia.kleczew.pl\/wp-content\/uploads\/2021\/04\/117444265_3073135326055560_9223235201084438400_n.jpg\" \/>\t\t\t\t\t\t\t\t\t\t\t\t\t\t\t<\/a>\n\t\t\t\t\t\t\t\t\t\t\t\t\t\t\t\t\t\t\t\t\t\t\t\t\t\t<\/p>\n\t\t\t\t\t\t\t\t\t\t\t\t\t\t\t\t\t\t\t\t\t\t\t<\/div><!-- .gllr_image_block -->\n\t\t\t\t\t\t\t\t\t\t\t\t\t\t\t\t\t\t\t\t\t<div class=\"gllr_image_block\">\n\t\t\t\t\t\t\t\t\t\t\t\t<p style=\"\n\t\t\t\t\t\t\t\t\t\t\t\twidth:140px;height:140px;\t\t\t\t\t\t\t\t\t\t\t\t\">\n\t\t\t\t\t\t\t\t\t\t\t\t\t\t\t\t\t\t\t\t\t\t\t\t\t\t\t\t<a data-fancybox=\"gallery_fancybox\" href=\"https:\/\/parafia.kleczew.pl\/wp-content\/uploads\/2021\/04\/117428826_3073137472722012_1530115057209193836_n-685x1024.jpg\" title=\"\" >\n\t\t\t\t\t\t\t\t\t\t\t\t\t\t\t\t<img decoding=\"async\" width=&quot;120&quot; height=&quot;120&quot; style=\"width:120px; height:120px; border-width: 10px; border-color:#f2eded;border: 10px solid #f2eded\" alt=\"\" title=\"\" src=\"https:\/\/parafia.kleczew.pl\/wp-content\/uploads\/2021\/04\/117428826_3073137472722012_1530115057209193836_n-120x120.jpg\" rel=\"https:\/\/parafia.kleczew.pl\/wp-content\/uploads\/2021\/04\/117428826_3073137472722012_1530115057209193836_n.jpg\" \/>\t\t\t\t\t\t\t\t\t\t\t\t\t\t\t<\/a>\n\t\t\t\t\t\t\t\t\t\t\t\t\t\t\t\t\t\t\t\t\t\t\t\t\t\t<\/p>\n\t\t\t\t\t\t\t\t\t\t\t\t\t\t\t\t\t\t\t\t\t\t\t<\/div><!-- .gllr_image_block -->\n\t\t\t\t\t\t\t\t\t\t\t\t\t\t\t\t\t\t\t\t\t<div class=\"gllr_image_block\">\n\t\t\t\t\t\t\t\t\t\t\t\t<p style=\"\n\t\t\t\t\t\t\t\t\t\t\t\twidth:140px;height:140px;\t\t\t\t\t\t\t\t\t\t\t\t\">\n\t\t\t\t\t\t\t\t\t\t\t\t\t\t\t\t\t\t\t\t\t\t\t\t\t\t\t\t<a data-fancybox=\"gallery_fancybox\" href=\"https:\/\/parafia.kleczew.pl\/wp-content\/uploads\/2021\/04\/117444702_3073134876055605_584614889250499592_n-685x1024.jpg\" title=\"\" >\n\t\t\t\t\t\t\t\t\t\t\t\t\t\t\t\t<img decoding=\"async\" width=&quot;120&quot; height=&quot;120&quot; style=\"width:120px; height:120px; border-width: 10px; border-color:#f2eded;border: 10px solid #f2eded\" alt=\"\" title=\"\" src=\"https:\/\/parafia.kleczew.pl\/wp-content\/uploads\/2021\/04\/117444702_3073134876055605_584614889250499592_n-120x120.jpg\" rel=\"https:\/\/parafia.kleczew.pl\/wp-content\/uploads\/2021\/04\/117444702_3073134876055605_584614889250499592_n.jpg\" \/>\t\t\t\t\t\t\t\t\t\t\t\t\t\t\t<\/a>\n\t\t\t\t\t\t\t\t\t\t\t\t\t\t\t\t\t\t\t\t\t\t\t\t\t\t<\/p>\n\t\t\t\t\t\t\t\t\t\t\t\t\t\t\t\t\t\t\t\t\t\t\t<\/div><!-- .gllr_image_block -->\n\t\t\t\t\t\t\t\t\t\t\t\t\t\t\t\t\t\t\t\t\t<div class=\"gllr_image_block\">\n\t\t\t\t\t\t\t\t\t\t\t\t<p style=\"\n\t\t\t\t\t\t\t\t\t\t\t\twidth:140px;height:140px;\t\t\t\t\t\t\t\t\t\t\t\t\">\n\t\t\t\t\t\t\t\t\t\t\t\t\t\t\t\t\t\t\t\t\t\t\t\t\t\t\t\t<a data-fancybox=\"gallery_fancybox\" href=\"https:\/\/parafia.kleczew.pl\/wp-content\/uploads\/2021\/04\/117534523_3073138282721931_6732776539751957662_n-1024x683.jpg\" title=\"\" >\n\t\t\t\t\t\t\t\t\t\t\t\t\t\t\t\t<img decoding=\"async\" width=&quot;120&quot; height=&quot;120&quot; style=\"width:120px; height:120px; border-width: 10px; border-color:#f2eded;border: 10px solid #f2eded\" alt=\"\" title=\"\" src=\"https:\/\/parafia.kleczew.pl\/wp-content\/uploads\/2021\/04\/117534523_3073138282721931_6732776539751957662_n-120x120.jpg\" rel=\"https:\/\/parafia.kleczew.pl\/wp-content\/uploads\/2021\/04\/117534523_3073138282721931_6732776539751957662_n.jpg\" \/>\t\t\t\t\t\t\t\t\t\t\t\t\t\t\t<\/a>\n\t\t\t\t\t\t\t\t\t\t\t\t\t\t\t\t\t\t\t\t\t\t\t\t\t\t<\/p>\n\t\t\t\t\t\t\t\t\t\t\t\t\t\t\t\t\t\t\t\t\t\t\t<\/div><!-- .gllr_image_block -->\n\t\t\t\t\t\t\t\t\t\t\t\t\t\t\t\t\t\t\t\t\t<div class=\"gllr_image_block\">\n\t\t\t\t\t\t\t\t\t\t\t\t<p style=\"\n\t\t\t\t\t\t\t\t\t\t\t\twidth:140px;height:140px;\t\t\t\t\t\t\t\t\t\t\t\t\">\n\t\t\t\t\t\t\t\t\t\t\t\t\t\t\t\t\t\t\t\t\t\t\t\t\t\t\t\t<a data-fancybox=\"gallery_fancybox\" href=\"https:\/\/parafia.kleczew.pl\/wp-content\/uploads\/2021\/04\/117339020_3073134539388972_1202971731505085986_n-685x1024.jpg\" title=\"\" >\n\t\t\t\t\t\t\t\t\t\t\t\t\t\t\t\t<img decoding=\"async\" width=&quot;120&quot; height=&quot;120&quot; style=\"width:120px; height:120px; border-width: 10px; border-color:#f2eded;border: 10px solid #f2eded\" alt=\"\" title=\"\" src=\"https:\/\/parafia.kleczew.pl\/wp-content\/uploads\/2021\/04\/117339020_3073134539388972_1202971731505085986_n-120x120.jpg\" rel=\"https:\/\/parafia.kleczew.pl\/wp-content\/uploads\/2021\/04\/117339020_3073134539388972_1202971731505085986_n.jpg\" \/>\t\t\t\t\t\t\t\t\t\t\t\t\t\t\t<\/a>\n\t\t\t\t\t\t\t\t\t\t\t\t\t\t\t\t\t\t\t\t\t\t\t\t\t\t<\/p>\n\t\t\t\t\t\t\t\t\t\t\t\t\t\t\t\t\t\t\t\t\t\t\t<\/div><!-- .gllr_image_block -->\n\t\t\t\t\t\t\t\t\t\t\t\t\t\t\t\t\t\t\t\t\t<div class=\"gllr_image_block\">\n\t\t\t\t\t\t\t\t\t\t\t\t<p style=\"\n\t\t\t\t\t\t\t\t\t\t\t\twidth:140px;height:140px;\t\t\t\t\t\t\t\t\t\t\t\t\">\n\t\t\t\t\t\t\t\t\t\t\t\t\t\t\t\t\t\t\t\t\t\t\t\t\t\t\t\t<a data-fancybox=\"gallery_fancybox\" href=\"https:\/\/parafia.kleczew.pl\/wp-content\/uploads\/2021\/04\/117388404_3073134446055648_7766602784572145461_n-685x1024.jpg\" title=\"\" >\n\t\t\t\t\t\t\t\t\t\t\t\t\t\t\t\t<img decoding=\"async\" width=&quot;120&quot; height=&quot;120&quot; style=\"width:120px; height:120px; border-width: 10px; border-color:#f2eded;border: 10px solid #f2eded\" alt=\"\" title=\"\" src=\"https:\/\/parafia.kleczew.pl\/wp-content\/uploads\/2021\/04\/117388404_3073134446055648_7766602784572145461_n-120x120.jpg\" rel=\"https:\/\/parafia.kleczew.pl\/wp-content\/uploads\/2021\/04\/117388404_3073134446055648_7766602784572145461_n.jpg\" \/>\t\t\t\t\t\t\t\t\t\t\t\t\t\t\t<\/a>\n\t\t\t\t\t\t\t\t\t\t\t\t\t\t\t\t\t\t\t\t\t\t\t\t\t\t<\/p>\n\t\t\t\t\t\t\t\t\t\t\t\t\t\t\t\t\t\t\t\t\t\t\t<\/div><!-- .gllr_image_block -->\n\t\t\t\t\t\t\t\t\t\t\t\t\t\t\t\t\t\t\t\t\t<div class=\"gllr_image_block\">\n\t\t\t\t\t\t\t\t\t\t\t\t<p style=\"\n\t\t\t\t\t\t\t\t\t\t\t\twidth:140px;height:140px;\t\t\t\t\t\t\t\t\t\t\t\t\">\n\t\t\t\t\t\t\t\t\t\t\t\t\t\t\t\t\t\t\t\t\t\t\t\t\t\t\t\t<a data-fancybox=\"gallery_fancybox\" href=\"https:\/\/parafia.kleczew.pl\/wp-content\/uploads\/2021\/04\/117385719_3073138739388552_9062827992706971288_n-685x1024.jpg\" title=\"\" >\n\t\t\t\t\t\t\t\t\t\t\t\t\t\t\t\t<img decoding=\"async\" width=&quot;120&quot; height=&quot;120&quot; style=\"width:120px; height:120px; border-width: 10px; border-color:#f2eded;border: 10px solid #f2eded\" alt=\"\" title=\"\" src=\"https:\/\/parafia.kleczew.pl\/wp-content\/uploads\/2021\/04\/117385719_3073138739388552_9062827992706971288_n-120x120.jpg\" rel=\"https:\/\/parafia.kleczew.pl\/wp-content\/uploads\/2021\/04\/117385719_3073138739388552_9062827992706971288_n.jpg\" \/>\t\t\t\t\t\t\t\t\t\t\t\t\t\t\t<\/a>\n\t\t\t\t\t\t\t\t\t\t\t\t\t\t\t\t\t\t\t\t\t\t\t\t\t\t<\/p>\n\t\t\t\t\t\t\t\t\t\t\t\t\t\t\t\t\t\t\t\t\t\t\t<\/div><!-- .gllr_image_block -->\n\t\t\t\t\t\t\t\t\t\t\t\t\t\t\t\t\t\t\t\t\t<div class=\"gllr_image_block\">\n\t\t\t\t\t\t\t\t\t\t\t\t<p style=\"\n\t\t\t\t\t\t\t\t\t\t\t\twidth:140px;height:140px;\t\t\t\t\t\t\t\t\t\t\t\t\">\n\t\t\t\t\t\t\t\t\t\t\t\t\t\t\t\t\t\t\t\t\t\t\t\t\t\t\t\t<a data-fancybox=\"gallery_fancybox\" href=\"https:\/\/parafia.kleczew.pl\/wp-content\/uploads\/2021\/04\/117339797_3073141442721615_5814145114756350900_n-685x1024.jpg\" title=\"\" >\n\t\t\t\t\t\t\t\t\t\t\t\t\t\t\t\t<img decoding=\"async\" width=&quot;120&quot; height=&quot;120&quot; style=\"width:120px; height:120px; border-width: 10px; border-color:#f2eded;border: 10px solid #f2eded\" alt=\"\" title=\"\" src=\"https:\/\/parafia.kleczew.pl\/wp-content\/uploads\/2021\/04\/117339797_3073141442721615_5814145114756350900_n-120x120.jpg\" rel=\"https:\/\/parafia.kleczew.pl\/wp-content\/uploads\/2021\/04\/117339797_3073141442721615_5814145114756350900_n.jpg\" \/>\t\t\t\t\t\t\t\t\t\t\t\t\t\t\t<\/a>\n\t\t\t\t\t\t\t\t\t\t\t\t\t\t\t\t\t\t\t\t\t\t\t\t\t\t<\/p>\n\t\t\t\t\t\t\t\t\t\t\t\t\t\t\t\t\t\t\t\t\t\t\t<\/div><!-- .gllr_image_block -->\n\t\t\t\t\t\t\t\t\t\t\t\t\t\t\t\t\t\t\t\t\t<div class=\"gllr_image_block\">\n\t\t\t\t\t\t\t\t\t\t\t\t<p style=\"\n\t\t\t\t\t\t\t\t\t\t\t\twidth:140px;height:140px;\t\t\t\t\t\t\t\t\t\t\t\t\">\n\t\t\t\t\t\t\t\t\t\t\t\t\t\t\t\t\t\t\t\t\t\t\t\t\t\t\t\t<a data-fancybox=\"gallery_fancybox\" href=\"https:\/\/parafia.kleczew.pl\/wp-content\/uploads\/2021\/04\/117339162_3073139766055116_2089618489758290145_n-1024x683.jpg\" title=\"\" >\n\t\t\t\t\t\t\t\t\t\t\t\t\t\t\t\t<img decoding=\"async\" width=&quot;120&quot; height=&quot;120&quot; style=\"width:120px; height:120px; border-width: 10px; border-color:#f2eded;border: 10px solid #f2eded\" alt=\"\" title=\"\" src=\"https:\/\/parafia.kleczew.pl\/wp-content\/uploads\/2021\/04\/117339162_3073139766055116_2089618489758290145_n-120x120.jpg\" rel=\"https:\/\/parafia.kleczew.pl\/wp-content\/uploads\/2021\/04\/117339162_3073139766055116_2089618489758290145_n.jpg\" \/>\t\t\t\t\t\t\t\t\t\t\t\t\t\t\t<\/a>\n\t\t\t\t\t\t\t\t\t\t\t\t\t\t\t\t\t\t\t\t\t\t\t\t\t\t<\/p>\n\t\t\t\t\t\t\t\t\t\t\t\t\t\t\t\t\t\t\t\t\t\t\t<\/div><!-- .gllr_image_block -->\n\t\t\t\t\t\t\t\t\t\t\t\t\t\t\t\t\t\t\t\t\t<div class=\"gllr_image_block\">\n\t\t\t\t\t\t\t\t\t\t\t\t<p style=\"\n\t\t\t\t\t\t\t\t\t\t\t\twidth:140px;height:140px;\t\t\t\t\t\t\t\t\t\t\t\t\">\n\t\t\t\t\t\t\t\t\t\t\t\t\t\t\t\t\t\t\t\t\t\t\t\t\t\t\t\t<a data-fancybox=\"gallery_fancybox\" href=\"https:\/\/parafia.kleczew.pl\/wp-content\/uploads\/2021\/04\/117374862_3073141762721583_4100862890259142870_n-1024x683.jpg\" title=\"\" >\n\t\t\t\t\t\t\t\t\t\t\t\t\t\t\t\t<img decoding=\"async\" width=&quot;120&quot; height=&quot;120&quot; style=\"width:120px; height:120px; border-width: 10px; border-color:#f2eded;border: 10px solid #f2eded\" alt=\"\" title=\"\" src=\"https:\/\/parafia.kleczew.pl\/wp-content\/uploads\/2021\/04\/117374862_3073141762721583_4100862890259142870_n-120x120.jpg\" rel=\"https:\/\/parafia.kleczew.pl\/wp-content\/uploads\/2021\/04\/117374862_3073141762721583_4100862890259142870_n.jpg\" \/>\t\t\t\t\t\t\t\t\t\t\t\t\t\t\t<\/a>\n\t\t\t\t\t\t\t\t\t\t\t\t\t\t\t\t\t\t\t\t\t\t\t\t\t\t<\/p>\n\t\t\t\t\t\t\t\t\t\t\t\t\t\t\t\t\t\t\t\t\t\t\t<\/div><!-- .gllr_image_block -->\n\t\t\t\t\t\t\t\t\t\t\t\t\t\t\t\t\t\t\t\t\t<div class=\"gllr_image_block\">\n\t\t\t\t\t\t\t\t\t\t\t\t<p style=\"\n\t\t\t\t\t\t\t\t\t\t\t\twidth:140px;height:140px;\t\t\t\t\t\t\t\t\t\t\t\t\">\n\t\t\t\t\t\t\t\t\t\t\t\t\t\t\t\t\t\t\t\t\t\t\t\t\t\t\t\t<a data-fancybox=\"gallery_fancybox\" href=\"https:\/\/parafia.kleczew.pl\/wp-content\/uploads\/2021\/04\/117350672_3073141619388264_5753045347599145134_n-1024x683.jpg\" title=\"\" >\n\t\t\t\t\t\t\t\t\t\t\t\t\t\t\t\t<img decoding=\"async\" width=&quot;120&quot; height=&quot;120&quot; style=\"width:120px; height:120px; border-width: 10px; border-color:#f2eded;border: 10px solid #f2eded\" alt=\"\" title=\"\" src=\"https:\/\/parafia.kleczew.pl\/wp-content\/uploads\/2021\/04\/117350672_3073141619388264_5753045347599145134_n-120x120.jpg\" rel=\"https:\/\/parafia.kleczew.pl\/wp-content\/uploads\/2021\/04\/117350672_3073141619388264_5753045347599145134_n.jpg\" \/>\t\t\t\t\t\t\t\t\t\t\t\t\t\t\t<\/a>\n\t\t\t\t\t\t\t\t\t\t\t\t\t\t\t\t\t\t\t\t\t\t\t\t\t\t<\/p>\n\t\t\t\t\t\t\t\t\t\t\t\t\t\t\t\t\t\t\t\t\t\t\t<\/div><!-- .gllr_image_block -->\n\t\t\t\t\t\t\t\t\t\t\t\t\t\t\t\t\t\t\t\t\t<div class=\"clear\"><\/div>\n\t\t\t\t\t\t\t\t\t\t<\/div><!-- .gllr_image_row -->\n\t\t\t\t\t\t\t\t\t\t\t\t\t\t\t\t\t<\/div><!-- .gallery.clearfix -->\n\t\t\t\t\t\t\t\t\t\t\t\t\t\t<\/div><!-- .gallery_box_single -->\n\t\t\t\t\t\t<div class=\"gllr_clear\"><\/div>\n\t\t\t\t\t\t\n","protected":false},"excerpt":{"rendered":"<div class=\"mh-excerpt\"><p>Dzisiaj o godzinie 18:00 odby\u0142a si\u0119 Liturgia Mszy \u015awi\u0119tej pod przewodnictwem ks. Juliana Wawrzyniaka i z homili\u0105 ks. \u0141ukasza Kruckiego dotycz\u0105c\u0105 setnej rocznicy Bitwy Warszawskiej. <a class=\"mh-excerpt-more\" href=\"https:\/\/parafia.kleczew.pl\/index.php\/gallery\/setna-rocznica-bitwy-warszawskiej\/\" title=\"Setna rocznica Bitwy Warszawskiej\">[&#8230;]<\/a><\/p>\n<\/div>","protected":false},"author":1,"featured_media":4316,"comment_status":"closed","ping_status":"closed","sticky":false,"template":"","format":"standard","meta":{"footnotes":""},"categories":[4],"tags":[],"class_list":["post-4306","post","type-post","status-publish","format-standard","has-post-thumbnail","hentry","category-akt"],"_links":{"self":[{"href":"https:\/\/parafia.kleczew.pl\/index.php\/wp-json\/wp\/v2\/posts\/4306","targetHints":{"allow":["GET"]}}],"collection":[{"href":"https:\/\/parafia.kleczew.pl\/index.php\/wp-json\/wp\/v2\/posts"}],"about":[{"href":"https:\/\/parafia.kleczew.pl\/index.php\/wp-json\/wp\/v2\/types\/post"}],"author":[{"embeddable":true,"href":"https:\/\/parafia.kleczew.pl\/index.php\/wp-json\/wp\/v2\/users\/1"}],"replies":[{"embeddable":true,"href":"https:\/\/parafia.kleczew.pl\/index.php\/wp-json\/wp\/v2\/comments?post=4306"}],"version-history":[{"count":2,"href":"https:\/\/parafia.kleczew.pl\/index.php\/wp-json\/wp\/v2\/posts\/4306\/revisions"}],"predecessor-version":[{"id":4336,"href":"https:\/\/parafia.kleczew.pl\/index.php\/wp-json\/wp\/v2\/posts\/4306\/revisions\/4336"}],"wp:featuredmedia":[{"embeddable":true,"href":"https:\/\/parafia.kleczew.pl\/index.php\/wp-json\/wp\/v2\/media\/4316"}],"wp:attachment":[{"href":"https:\/\/parafia.kleczew.pl\/index.php\/wp-json\/wp\/v2\/media?parent=4306"}],"wp:term":[{"taxonomy":"category","embeddable":true,"href":"https:\/\/parafia.kleczew.pl\/index.php\/wp-json\/wp\/v2\/categories?post=4306"},{"taxonomy":"post_tag","embeddable":true,"href":"https:\/\/parafia.kleczew.pl\/index.php\/wp-json\/wp\/v2\/tags?post=4306"}],"curies":[{"name":"wp","href":"https:\/\/api.w.org\/{rel}","templated":true}]}}